{"id":29878,"date":"2014-01-28T13:23:22","date_gmt":"2014-01-28T21:23:22","guid":{"rendered":"http:\/\/www.feeling.com.mx\/site\/?p=29878"},"modified":"2014-01-28T17:31:28","modified_gmt":"2014-01-29T01:31:28","slug":"el-americano-the-movie-se-estrena-este-verano","status":"publish","type":"post","link":"https:\/\/www.feeling.com.mx\/site\/29878\/el-americano-the-movie-se-estrena-este-verano.html","title":{"rendered":"El Americano The Movie, se estrena este verano"},"content":{"rendered":"<p>Cuco es un ni\u00f1o loro mexicano que imita las acrobacias del S\u00faper h\u00e9roe loro de la televesi\u00f3n:<a href=\"http:\/\/www.elamericanothemovie.com\/gallery\" title=\"Visita su web\" target=\"_blank\" rel=\"noopener\"> \u00abEl Americano\u00bb. <\/a><\/p>\n<p><img loading=\"lazy\" src=\"http:\/\/feeling.com.mx\/img\/2014\/01\/Poster-El-Americano-The-Movie-211x300.jpg\" alt=\"\" title=\"Poster El Americano The Movie\" width=\"211\" height=\"300\" class=\"alignleft size-medium wp-image-29881 img-responsive \" srcset=\"https:\/\/www.feeling.com.mx\/img\/2014\/01\/Poster-El-Americano-The-Movie-211x300.jpg 211w, https:\/\/www.feeling.com.mx\/img\/2014\/01\/Poster-El-Americano-The-Movie-222x315.jpg 222w, https:\/\/www.feeling.com.mx\/img\/2014\/01\/Poster-El-Americano-The-Movie.jpg 600w\" sizes=\"(max-width: 211px) 100vw, 211px\" \/>Cuco, el peque\u00f1o loro que vive en Cholula, Puebla en M\u00e9xico, es integrante del \u201cCirco de los Chiflidos\u201d, circo propiedad de su familia, que pasa un momento de gran peligro bajo la amenaza de un cartel de p\u00e1jaros matones&#8230; es cu\u00e1ndo Cuco decide ir en busca del s\u00faper h\u00e9roe \u201cEl Americano\u201d; un loro que es la estrella en el cine de Hollywood. <\/p>\n<p>Cuco emprende el viaje para que el s\u00faper h\u00e9roe le ayude a salvar al circo, pero la traves\u00eda no ser\u00e1 f\u00e1cil&#8230; m\u00e1s a\u00fan cuando se da cuenta que el verdadero h\u00e9roe que busca est\u00e1 dentro de \u00e9l mismo.<\/p>\n<p>\u201cEl Americano\u201d es una pel\u00edcula animada en 3D que ha desarrollado una gran historia, con un mensaje positivo sobre los valores y la familia. El estreno ser\u00e1 de manera simult\u00e1nea en Estados Unidos y M\u00e9xico en este verano 2014.<\/p>\n<p>En esta pel\u00edcula animada participan con sus voces: Kate del Castillo, Lisa Kudrow, Hector Su\u00e1rez, Adal Ramones, Gabriel Iglesias, Pierre Angelo, Rico Rodr\u00edguez -que es la voz de Cuco- as\u00ed como los actores mexico-americanos Erik Estrada, Edward James Olmos, Cheech Marin y el genio de la m\u00fasica K.C. Porter, \u00f3 hasta los afamados locutores de Los \u00c1ngeles California, Argelia Atilano, Don Cheto y Ricardo S\u00e1nchez \u00abEl Mandril\u00bb, que tambi\u00e9n ponen su talento vocal. <\/p>\n<p>Es el estreno m\u00e1s esperado, tambi\u00e9n por el espectacular soundtrack, con Alex Syntek, La Arrolladora Banda El Lim\u00f3n, Los Tucanes de Tijuana, 3Ball Mty, Don Cheto, Amandititita, y otros artistas&#8230; \u00bfTe imaginas que producci\u00f3n musical? Pero de esa nota hablaremos m\u00e1s adelante. <\/p>\n<p>El Americano The Movie \u00a1Pronto en cines!<\/p>\n<p>The Official Facebook Page: <a href=\"https:\/\/www.facebook.com\/elamericanothemovie\" title=\"Visita su pagina oficial en Facebook\" target=\"_blank\" rel=\"noopener\">El Americano the Movie<\/a>.<\/p>\n<p>Ficha T\u00e9cnica: <a href=\"http:\/\/www.imdb.com\/title\/tt3181400\/\" title=\"M\u00e1s informaci\u00f3n en IMDb\" target=\"_blank\" rel=\"noopener\">IMDb<\/a><\/p>\n<p><strong>Redacci\u00f3n Feeling.Mx\/Ensenada, M\u00e9xico.-<\/strong><br \/>\n<div class=\"media-container 16by9\"  style=\"text-align:center;border:solid;border-width:1px;border-color:#000;background-color:#000;margin:10px 0;padding:5px;\"><iframe width=\"580\" height=\"381\" src=\"https:\/\/www.youtube.com\/embed\/Cbys3lb2NJU?autohide=1&rel=0\" frameborder=\"0\" allowfullscreen><\/iframe><\/div><\/p>\n<blockquote class=\"twitter-tweet\" lang=\"es\">\n<p>Destaca el \u00e9xito del cine mexicano en el 2013 <a href=\"http:\/\/t.co\/7NG1qnr17l\" target=\"_blank\">http:\/\/t.co\/7NG1qnr17l<\/a> <a href=\"https:\/\/twitter.com\/search?q=%23CineMexicano&amp;src=hash\" target=\"_blank\" rel=\"noopener\">#CineMexicano<\/a> <a href=\"https:\/\/twitter.com\/search?q=%23CineMexicano&amp;src=hash\" target=\"_blank\" rel=\"noopener\">#CineMexicano<\/a><\/p>\n<p>&mdash; El Americano (@elamericano2014) <a href=\"https:\/\/twitter.com\/elamericano2014\/statuses\/418455630400487425\" target=\"_blank\" rel=\"noopener\">enero 1, 2014<\/a><\/p><\/blockquote>\n<p><script async src=\"\/\/platform.twitter.com\/widgets.js\" charset=\"utf-8\"><\/script><\/p>\n","protected":false},"excerpt":{"rendered":"<p>Cuco es un ni\u00f1o loro mexicano que imita las acrobacias del S\u00faper h\u00e9roe loro de la televesi\u00f3n: \u00abEl Americano\u00bb. Cuco, el peque\u00f1o loro que vive en Cholula, Puebla en M\u00e9xico, es integrante del \u201cCirco de los Chiflidos\u201d, circo propiedad de su familia, que pasa un momento de gran peligro bajo la amenaza de un cartel de p\u00e1jaros matones&#8230; es cu\u00e1ndo Cuco decide ir en busca del s\u00faper h\u00e9roe \u201cEl Americano\u201d;&#8230;<\/p>\n","protected":false},"author":3,"featured_media":29881,"comment_status":"open","ping_status":"closed","sticky":false,"template":"","format":"standard","meta":[],"categories":[3,18,22,48087],"tags":[9822,7528,9821,9823,9817,9815,9818,9813,9820,9812,9810,9809,9816,3764,7062,9808,2867,9811,9819,9814],"views":1276,"_links":{"self":[{"href":"https:\/\/www.feeling.com.mx\/site\/wp-json\/wp\/v2\/posts\/29878"}],"collection":[{"href":"https:\/\/www.feeling.com.mx\/site\/wp-json\/wp\/v2\/posts"}],"about":[{"href":"https:\/\/www.feeling.com.mx\/site\/wp-json\/wp\/v2\/types\/post"}],"author":[{"embeddable":true,"href":"https:\/\/www.feeling.com.mx\/site\/wp-json\/wp\/v2\/users\/3"}],"replies":[{"embeddable":true,"href":"https:\/\/www.feeling.com.mx\/site\/wp-json\/wp\/v2\/comments?post=29878"}],"version-history":[{"count":0,"href":"https:\/\/www.feeling.com.mx\/site\/wp-json\/wp\/v2\/posts\/29878\/revisions"}],"wp:featuredmedia":[{"embeddable":true,"href":"https:\/\/www.feeling.com.mx\/site\/wp-json\/wp\/v2\/media\/29881"}],"wp:attachment":[{"href":"https:\/\/www.feeling.com.mx\/site\/wp-json\/wp\/v2\/media?parent=29878"}],"wp:term":[{"taxonomy":"category","embeddable":true,"href":"https:\/\/www.feeling.com.mx\/site\/wp-json\/wp\/v2\/categories?post=29878"},{"taxonomy":"post_tag","embeddable":true,"href":"https:\/\/www.feeling.com.mx\/site\/wp-json\/wp\/v2\/tags?post=29878"}],"curies":[{"name":"wp","href":"https:\/\/api.w.org\/{rel}","templated":true}]}}