{"id":142071,"date":"2023-10-25T08:59:16","date_gmt":"2023-10-25T15:59:16","guid":{"rendered":"https:\/\/www.feeling.com.mx\/site\/?p=142071"},"modified":"2023-10-25T08:59:16","modified_gmt":"2023-10-25T15:59:16","slug":"israel-exige-la-dimision-de-antonio-guterres-por-su-discurso-sobre-gaza","status":"publish","type":"post","link":"https:\/\/www.feeling.com.mx\/site\/142071\/israel-exige-la-dimision-de-antonio-guterres-por-su-discurso-sobre-gaza.html","title":{"rendered":"Israel exige la dimisi\u00f3n de Ant\u00f3nio Guterres por su discurso sobre Gaza"},"content":{"rendered":"<p>Las declaraciones del Secretario General de la ONU, Ant\u00f3nio Guterres, en relaci\u00f3n con el conflicto en Gaza, han desatado una tormenta pol\u00edtica e internacional. En un pronunciamiento durante una reuni\u00f3n del Consejo de Seguridad de la ONU, Guterres expres\u00f3 su profunda preocupaci\u00f3n por lo que considera \u00abclaras violaciones del derecho internacional humanitario\u00bb por parte de Israel en su campa\u00f1a de bombardeos en Gaza. La reacci\u00f3n inmediata de Israel ha sido exigir la dimisi\u00f3n de Guterres, alegando que sus palabras justifican las atrocidades cometidas contra ciudadanos israel\u00edes.<\/p>\n<blockquote class=\"twitter-tweet\">\n<p lang=\"es\" dir=\"ltr\">Ant\u00f3nio Guterres, secretario general de la ONU: &quot;Es importante reconocer que los ataques de Ham\u00e1s no se produjeron de la nada. El pueblo palestino lleva 56 a\u00f1os sometido a una ocupaci\u00f3n asfixiante&quot;. Israel pide su dimisi\u00f3n y bloquea visados <a href=\"https:\/\/t.co\/IjdVjcRAj5\" target=\"_blank\">https:\/\/t.co\/IjdVjcRAj5<\/a> <a href=\"https:\/\/t.co\/D31mZfjGl0\" target=\"_blank\">pic.twitter.com\/D31mZfjGl0<\/a><\/p>\n<p>&mdash; EL PA\u00cdS (@el_pais) <a href=\"https:\/\/twitter.com\/el_pais\/status\/1717111897009619104?ref_src=twsrc%5Etfw\" target=\"_blank\" rel=\"noopener\">October 25, 2023<\/a><\/p><\/blockquote>\n<p> <script async src=\"https:\/\/platform.twitter.com\/widgets.js\" charset=\"utf-8\"><\/script><\/p>\n<p>Guterres inst\u00f3 a la protecci\u00f3n de los civiles en cualquier conflicto armado, subrayando que \u00abninguna parte en un conflicto armado est\u00e1 por encima del derecho internacional humanitario\u00bb. Estas palabras han desencadenado una controversia sin precedentes en la relaci\u00f3n entre Israel y la ONU. La furiosa respuesta del embajador israel\u00ed ante la ONU, Gilad Erdan, fue tajante al solicitar una disculpa inmediata de Guterres y amenazar con cuestionar la existencia misma de la ONU como organismo internacional.<\/p>\n<blockquote class=\"twitter-tweet\">\n<p lang=\"en\" dir=\"ltr\">The situation in the Middle East is growing more dire by the hour.<\/p>\n<p>At a crucial moment like this, it is vital to be clear on the fundamental principle of respecting &amp; protecting civilians. <a href=\"https:\/\/t.co\/TpDcQz0Bkc\" target=\"_blank\">pic.twitter.com\/TpDcQz0Bkc<\/a><\/p>\n<p>&mdash; Ant\u00f3nio Guterres (@antonioguterres) <a href=\"https:\/\/twitter.com\/antonioguterres\/status\/1716995492112896038?ref_src=twsrc%5Etfw\" target=\"_blank\" rel=\"noopener\">October 25, 2023<\/a><\/p><\/blockquote>\n<p> <script async src=\"https:\/\/platform.twitter.com\/widgets.js\" charset=\"utf-8\"><\/script><\/p>\n<p>El Gobierno israel\u00ed, adem\u00e1s, anunci\u00f3 la denegaci\u00f3n de visados a funcionarios de la ONU como medida de presi\u00f3n en respuesta a las declaraciones del Secretario General. Esta decisi\u00f3n, si se materializa, podr\u00eda tener graves repercusiones en las operaciones de la ONU en la regi\u00f3n y la capacidad de la organizaci\u00f3n para llevar a cabo su labor humanitaria.<\/p>\n<blockquote class=\"twitter-tweet\">\n<p lang=\"es\" dir=\"ltr\">El embajador israel\u00ed ante la ONU pidi\u00f3 la dimisi\u00f3n del secretario general, Ant\u00f3nio Guterres, despu\u00e9s de que este diera declaraciones sobre el conflicto en Gaza: &quot;Los ataques de <a href=\"https:\/\/twitter.com\/hashtag\/Ham%C3%A1s?src=hash&amp;ref_src=twsrc%5Etfw\" target=\"_blank\" rel=\"noopener\">#Ham\u00e1s<\/a> no surgieron de la nada. El pueblo palestino sufre 56 a\u00f1os de asfixiante ocupaci\u00f3n&quot;. <a href=\"https:\/\/t.co\/Mu7XZ465Nd\" target=\"_blank\">pic.twitter.com\/Mu7XZ465Nd<\/a><\/p>\n<p>&mdash; DW Espa\u00f1ol (@dw_espanol) <a href=\"https:\/\/twitter.com\/dw_espanol\/status\/1717138365353447544?ref_src=twsrc%5Etfw\" target=\"_blank\" rel=\"noopener\">October 25, 2023<\/a><\/p><\/blockquote>\n<p> <script async src=\"https:\/\/platform.twitter.com\/widgets.js\" charset=\"utf-8\"><\/script><\/p>\n<p>La controversia tambi\u00e9n ha encontrado eco en otros gobiernos, con ministros del Reino Unido e Italia manifestando su desacuerdo con las declaraciones de Guterres. La situaci\u00f3n se torna a\u00fan m\u00e1s complicada al tratarse de un conflicto tan sensible y prolongado como el de Oriente Medio.<\/p>\n<blockquote class=\"twitter-tweet\">\n<p lang=\"es\" dir=\"ltr\"><a href=\"https:\/\/twitter.com\/hashtag\/EnDirecto?src=hash&amp;ref_src=twsrc%5Etfw\" target=\"_blank\" rel=\"noopener\">#EnDirecto<\/a> | S\u00e1nchez apoya a Ant\u00f3nio Guterres: &quot;Tras ver las im\u00e1genes de muertes de civiles palestinos y desastre humanitario, me sumo a todas las voces y en particular a la del secretario general de la ONU para que haya un alto el fuego que permita la entrada de ayuda en Gaza&quot; <a href=\"https:\/\/t.co\/0y9llDlJtI\" target=\"_blank\">pic.twitter.com\/0y9llDlJtI<\/a><\/p>\n<p>&mdash; Europa Press (@europapress) <a href=\"https:\/\/twitter.com\/europapress\/status\/1717164707730042988?ref_src=twsrc%5Etfw\" target=\"_blank\" rel=\"noopener\">October 25, 2023<\/a><\/p><\/blockquote>\n<p> <script async src=\"https:\/\/platform.twitter.com\/widgets.js\" charset=\"utf-8\"><\/script><\/p>\n<p>Es importante destacar que el papel de la ONU es fomentar la paz, la estabilidad y el respeto por el derecho internacional. La intenci\u00f3n de Ant\u00f3nio Guterres, al parecer, era llamar la atenci\u00f3n sobre lo que \u00e9l considera violaciones graves de dicho derecho. Sin embargo, las consecuencias de sus palabras han desatado una crisis diplom\u00e1tica de dimensiones incalculables.<\/p>\n<p>En medio de esta situaci\u00f3n, es fundamental que se busque una soluci\u00f3n que permita un di\u00e1logo constructivo entre todas las partes involucradas en el conflicto. La paz en la regi\u00f3n es un objetivo deseado por la comunidad internacional, y cualquier declaraci\u00f3n o acci\u00f3n que socave la posibilidad de encontrar una soluci\u00f3n pac\u00edfica debe ser reconsiderada.<\/p>\n<p>Esperamos que en los d\u00edas venideros se encuentre una v\u00eda para el entendimiento y el di\u00e1logo, y que se respeten los principios y objetivos de la ONU en la b\u00fasqueda de la paz y la justicia en esta regi\u00f3n asolada por el conflicto.<\/p>\n","protected":false},"excerpt":{"rendered":"<p>Las declaraciones del Secretario General de la ONU, Ant\u00f3nio Guterres, en relaci\u00f3n con el conflicto en Gaza, han desatado una tormenta pol\u00edtica e internacional. En un pronunciamiento durante una reuni\u00f3n del Consejo de Seguridad de la ONU, Guterres expres\u00f3 su profunda preocupaci\u00f3n por lo que considera \u00abclaras violaciones del derecho internacional humanitario\u00bb por parte de Israel en su campa\u00f1a de bombardeos en Gaza. La reacci\u00f3n inmediata de Israel ha sido&#8230;<\/p>\n","protected":false},"author":3,"featured_media":119549,"comment_status":"open","ping_status":"closed","sticky":false,"template":"","format":"standard","meta":[],"categories":[24],"tags":[32035,47444,47443,11261,28448,3803,3194],"views":47,"_links":{"self":[{"href":"https:\/\/www.feeling.com.mx\/site\/wp-json\/wp\/v2\/posts\/142071"}],"collection":[{"href":"https:\/\/www.feeling.com.mx\/site\/wp-json\/wp\/v2\/posts"}],"about":[{"href":"https:\/\/www.feeling.com.mx\/site\/wp-json\/wp\/v2\/types\/post"}],"author":[{"embeddable":true,"href":"https:\/\/www.feeling.com.mx\/site\/wp-json\/wp\/v2\/users\/3"}],"replies":[{"embeddable":true,"href":"https:\/\/www.feeling.com.mx\/site\/wp-json\/wp\/v2\/comments?post=142071"}],"version-history":[{"count":0,"href":"https:\/\/www.feeling.com.mx\/site\/wp-json\/wp\/v2\/posts\/142071\/revisions"}],"wp:featuredmedia":[{"embeddable":true,"href":"https:\/\/www.feeling.com.mx\/site\/wp-json\/wp\/v2\/media\/119549"}],"wp:attachment":[{"href":"https:\/\/www.feeling.com.mx\/site\/wp-json\/wp\/v2\/media?parent=142071"}],"wp:term":[{"taxonomy":"category","embeddable":true,"href":"https:\/\/www.feeling.com.mx\/site\/wp-json\/wp\/v2\/categories?post=142071"},{"taxonomy":"post_tag","embeddable":true,"href":"https:\/\/www.feeling.com.mx\/site\/wp-json\/wp\/v2\/tags?post=142071"}],"curies":[{"name":"wp","href":"https:\/\/api.w.org\/{rel}","templated":true}]}}